{"id":8383,"date":"2010-04-03T17:41:53","date_gmt":"2010-04-03T16:41:53","guid":{"rendered":"https:\/\/www.tecnomagazine.it\/tech\/?p=8383"},"modified":"2010-04-27T13:46:08","modified_gmt":"2010-04-27T12:46:08","slug":"assegnata-a-federico-marini-anche-la-responsabilita-di-computerlinks-austria","status":"publish","type":"post","link":"https:\/\/www.tecnomagazine.it\/tech\/8383\/assegnata-a-federico-marini-anche-la-responsabilita-di-computerlinks-austria\/","title":{"rendered":"Assegnata a Federico Marini anche la responsabilit\u00e0 di COMPUTERLINKS Austria"},"content":{"rendered":"<div class=\"4032636bd480207a9641f06a0353772e\" data-index=\"1\" style=\"float: none; margin:10px 0 10px 0; text-align:center;\">\n<!--COOKIE_POLICY_BEGIN-->\r\n<script async src=\"\/\/pagead2.googlesyndication.com\/pagead\/js\/adsbygoogle.js\"><\/script>\r\n<!-- Tecnomagine Grande -->\r\n<ins class=\"adsbygoogle\"\r\n     style=\"display:block\"\r\n     data-ad-client=\"ca-pub-4884298544160548\"\r\n     data-ad-slot=\"6528327022\"\r\n     data-ad-format=\"auto\"><\/ins>\r\n<script>\r\n(adsbygoogle = window.adsbygoogle || []).push({});\r\n<\/script>\r\n<!--COOKIE_POLICY_END-->\n<\/div>\n<p><a href=\"https:\/\/www.tecnomagazine.it\/tech\/wp-content\/uploads\/2008\/05\/web3.jpg\"><img loading=\"lazy\" decoding=\"async\" class=\"alignright size-full wp-image-1973\" src=\"https:\/\/www.tecnomagazine.it\/tech\/wp-content\/uploads\/2008\/05\/web3.jpg\" alt=\"web\" width=\"240\" height=\"180\" \/><\/a>\r\n<div class=\"4032636bd480207a9641f06a0353772e\" data-index=\"1\" style=\"float: none; margin:10px 0 10px 0; text-align:center;\">\n<!--COOKIE_POLICY_BEGIN-->\r\n<script async src=\"\/\/pagead2.googlesyndication.com\/pagead\/js\/adsbygoogle.js\"><\/script>\r\n<!-- Tecnomagine Grande -->\r\n<ins class=\"adsbygoogle\"\r\n     style=\"display:block\"\r\n     data-ad-client=\"ca-pub-4884298544160548\"\r\n     data-ad-slot=\"6528327022\"\r\n     data-ad-format=\"auto\"><\/ins>\r\n<script>\r\n(adsbygoogle = window.adsbygoogle || []).push({});\r\n<\/script>\r\n<!--COOKIE_POLICY_END-->\n<\/div>\n\r\nCOMPUTERLINKS, distributore a valore aggiunto specializzato in e-Security e e-Business, ha affidato dal 1\u00b0 aprile 2010 a Federico Marini, Amministratore Delegato di COMPUTERLINKS S.p.A., anche la guida della filiale austriaca, fino a oggi gestita sotto l\u2019egida della Germania.<\/p>\n<p>Il nuovo incarico di Federico Marini, che mantiene comunque il timone della filiale italiana di COMPUTERLINKS, costituisce un riconoscimento degli ottimi risultati conseguiti nel nostro paese, che dall\u2019anno della sua fondazione, avvenuta nel 2002 proprio a opera di Marini, ha sempre mantenuto un ritmo di crescita elevato e costante, fino a raggiungere quota 37,5 milioni di euro di fatturato nel 2009.<\/p>\n<p><!--more-->\u201cColgo questa nuova sfida con particolare entusiasmo, e sono grato a COMPUTERLINKS AG di confermare stima e fiducia nelle capacit\u00e0 del team italiano\u201d, sottolinea Federico Marini. \u201cIl nostro obiettivo \u00e8 quello di fare in modo che anche in Austria COMPUTERLINKS possa cogliere tutte le opportunit\u00e0 che il mercato offre, correggendo un andamento che finora non \u00e8 stato corrispondente alle potenzialit\u00e0 del contesto austriaco. Mi occuper\u00f2 in prima persona anche di questa filiale, con la collaborazione di alcuni componenti del team italiano e con l\u2019apporto di qualche nuova risorsa. In termini numerici, il nostro primo traguardo sar\u00e0 il raddoppio del fatturato nell\u2019arco di un anno e mezzo, superando i 10 milioni di euro a fine 2011\u201d.<\/p>\n<p>Nato a Bolzano nel 1970, Federico Marini ha iniziato la propria esperienza professionale in Du Pont De Nemours Italiana in qualit\u00e0 di Business Analysis Assistant Manager. Nel 1994 \u00e8 passato in DeltaDator, ricoprendo vari incarichi fino ad arrivare alla posizione di Responsabile Commerciale. Nel 2002 \u00e8 stato chiamato a fondare la filiale italiana di COMPUTERLINKS, dove ha assunto l\u2019attuale carica.<\/p>\n\n<div style=\"font-size: 0px; height: 0px; line-height: 0px; margin: 0; padding: 0; clear: both;\"><\/div>","protected":false},"excerpt":{"rendered":"<p>COMPUTERLINKS, distributore a valore aggiunto specializzato in e-Security e e-Business,<\/p>\n","protected":false},"author":16,"featured_media":0,"comment_status":"open","ping_status":"open","sticky":false,"template":"","format":"standard","meta":{"footnotes":""},"categories":[1],"tags":[5371,5370],"class_list":["post-8383","post","type-post","status-publish","format-standard","hentry","category-curiosita","tag-computerlinks-austria","tag-federico-marini"],"yoast_head":"<!-- This site is optimized with the Yoast SEO plugin v27.3 - https:\/\/yoast.com\/product\/yoast-seo-wordpress\/ -->\n<title>Assegnata a Federico Marini anche la responsabilit\u00e0 di COMPUTERLINKS Austria - TecnoMagazine<\/title>\n<meta name=\"description\" content=\"COMPUTERLINKS, distributore a valore aggiunto specializzato in e-Security e e-Business, ha affidato dal 1\u00b0 aprile 2010 a Federico Marini, Amministratore\" \/>\n<meta name=\"robots\" content=\"index, follow, max-snippet:-1, max-image-preview:large, max-video-preview:-1\" \/>\n<link rel=\"canonical\" href=\"https:\/\/www.tecnomagazine.it\/tech\/8383\/assegnata-a-federico-marini-anche-la-responsabilita-di-computerlinks-austria\/\" \/>\n<meta property=\"og:locale\" content=\"it_IT\" \/>\n<meta property=\"og:type\" content=\"article\" \/>\n<meta property=\"og:title\" content=\"Assegnata a Federico Marini anche la responsabilit\u00e0 di COMPUTERLINKS Austria - TecnoMagazine\" \/>\n<meta property=\"og:description\" content=\"COMPUTERLINKS, distributore a valore aggiunto specializzato in e-Security e e-Business, ha affidato dal 1\u00b0 aprile 2010 a Federico Marini, Amministratore\" \/>\n<meta property=\"og:url\" content=\"https:\/\/www.tecnomagazine.it\/tech\/8383\/assegnata-a-federico-marini-anche-la-responsabilita-di-computerlinks-austria\/\" \/>\n<meta property=\"og:site_name\" content=\"TecnoMagazine\" \/>\n<meta property=\"article:published_time\" content=\"2010-04-03T16:41:53+00:00\" \/>\n<meta property=\"article:modified_time\" content=\"2010-04-27T12:46:08+00:00\" \/>\n<meta property=\"og:image\" content=\"https:\/\/www.tecnomagazine.it\/tech\/wp-content\/uploads\/2008\/05\/web3.jpg\" \/>\n<meta name=\"author\" content=\"Ambra\" \/>\n<meta name=\"twitter:card\" content=\"summary_large_image\" \/>\n<meta name=\"twitter:creator\" content=\"@tecnomagazineit\" \/>\n<meta name=\"twitter:site\" content=\"@tecnomagazineit\" \/>\n<meta name=\"twitter:label1\" content=\"Scritto da\" \/>\n\t<meta name=\"twitter:data1\" content=\"Ambra\" \/>\n\t<meta name=\"twitter:label2\" content=\"Tempo di lettura stimato\" \/>\n\t<meta name=\"twitter:data2\" content=\"1 minuto\" \/>\n<script type=\"application\/ld+json\" class=\"yoast-schema-graph\">{\"@context\":\"https:\\\/\\\/schema.org\",\"@graph\":[{\"@type\":\"Article\",\"@id\":\"https:\\\/\\\/www.tecnomagazine.it\\\/tech\\\/8383\\\/assegnata-a-federico-marini-anche-la-responsabilita-di-computerlinks-austria\\\/#article\",\"isPartOf\":{\"@id\":\"https:\\\/\\\/www.tecnomagazine.it\\\/tech\\\/8383\\\/assegnata-a-federico-marini-anche-la-responsabilita-di-computerlinks-austria\\\/\"},\"author\":{\"name\":\"Ambra\",\"@id\":\"https:\\\/\\\/www.tecnomagazine.it\\\/tech\\\/#\\\/schema\\\/person\\\/cc264ed84688e010b17b72f0a5fd43ef\"},\"headline\":\"Assegnata a Federico Marini anche la responsabilit\u00e0 di COMPUTERLINKS Austria\",\"datePublished\":\"2010-04-03T16:41:53+00:00\",\"dateModified\":\"2010-04-27T12:46:08+00:00\",\"mainEntityOfPage\":{\"@id\":\"https:\\\/\\\/www.tecnomagazine.it\\\/tech\\\/8383\\\/assegnata-a-federico-marini-anche-la-responsabilita-di-computerlinks-austria\\\/\"},\"wordCount\":277,\"commentCount\":0,\"image\":{\"@id\":\"https:\\\/\\\/www.tecnomagazine.it\\\/tech\\\/8383\\\/assegnata-a-federico-marini-anche-la-responsabilita-di-computerlinks-austria\\\/#primaryimage\"},\"thumbnailUrl\":\"https:\\\/\\\/www.tecnomagazine.it\\\/tech\\\/wp-content\\\/uploads\\\/2008\\\/05\\\/web3.jpg\",\"keywords\":[\"COMPUTERLINKS Austria\",\"Federico Marini\"],\"articleSection\":[\"Curiosit\u00e0\"],\"inLanguage\":\"it-IT\",\"potentialAction\":[{\"@type\":\"CommentAction\",\"name\":\"Comment\",\"target\":[\"https:\\\/\\\/www.tecnomagazine.it\\\/tech\\\/8383\\\/assegnata-a-federico-marini-anche-la-responsabilita-di-computerlinks-austria\\\/#respond\"]}]},{\"@type\":\"WebPage\",\"@id\":\"https:\\\/\\\/www.tecnomagazine.it\\\/tech\\\/8383\\\/assegnata-a-federico-marini-anche-la-responsabilita-di-computerlinks-austria\\\/\",\"url\":\"https:\\\/\\\/www.tecnomagazine.it\\\/tech\\\/8383\\\/assegnata-a-federico-marini-anche-la-responsabilita-di-computerlinks-austria\\\/\",\"name\":\"Assegnata a Federico Marini anche la responsabilit\u00e0 di COMPUTERLINKS Austria - TecnoMagazine\",\"isPartOf\":{\"@id\":\"https:\\\/\\\/www.tecnomagazine.it\\\/tech\\\/#website\"},\"primaryImageOfPage\":{\"@id\":\"https:\\\/\\\/www.tecnomagazine.it\\\/tech\\\/8383\\\/assegnata-a-federico-marini-anche-la-responsabilita-di-computerlinks-austria\\\/#primaryimage\"},\"image\":{\"@id\":\"https:\\\/\\\/www.tecnomagazine.it\\\/tech\\\/8383\\\/assegnata-a-federico-marini-anche-la-responsabilita-di-computerlinks-austria\\\/#primaryimage\"},\"thumbnailUrl\":\"https:\\\/\\\/www.tecnomagazine.it\\\/tech\\\/wp-content\\\/uploads\\\/2008\\\/05\\\/web3.jpg\",\"datePublished\":\"2010-04-03T16:41:53+00:00\",\"dateModified\":\"2010-04-27T12:46:08+00:00\",\"author\":{\"@id\":\"https:\\\/\\\/www.tecnomagazine.it\\\/tech\\\/#\\\/schema\\\/person\\\/cc264ed84688e010b17b72f0a5fd43ef\"},\"description\":\"COMPUTERLINKS, distributore a valore aggiunto specializzato in e-Security e e-Business, ha affidato dal 1\u00b0 aprile 2010 a Federico Marini, Amministratore\",\"breadcrumb\":{\"@id\":\"https:\\\/\\\/www.tecnomagazine.it\\\/tech\\\/8383\\\/assegnata-a-federico-marini-anche-la-responsabilita-di-computerlinks-austria\\\/#breadcrumb\"},\"inLanguage\":\"it-IT\",\"potentialAction\":[{\"@type\":\"ReadAction\",\"target\":[\"https:\\\/\\\/www.tecnomagazine.it\\\/tech\\\/8383\\\/assegnata-a-federico-marini-anche-la-responsabilita-di-computerlinks-austria\\\/\"]}]},{\"@type\":\"ImageObject\",\"inLanguage\":\"it-IT\",\"@id\":\"https:\\\/\\\/www.tecnomagazine.it\\\/tech\\\/8383\\\/assegnata-a-federico-marini-anche-la-responsabilita-di-computerlinks-austria\\\/#primaryimage\",\"url\":\"https:\\\/\\\/www.tecnomagazine.it\\\/tech\\\/wp-content\\\/uploads\\\/2008\\\/05\\\/web3.jpg\",\"contentUrl\":\"https:\\\/\\\/www.tecnomagazine.it\\\/tech\\\/wp-content\\\/uploads\\\/2008\\\/05\\\/web3.jpg\"},{\"@type\":\"BreadcrumbList\",\"@id\":\"https:\\\/\\\/www.tecnomagazine.it\\\/tech\\\/8383\\\/assegnata-a-federico-marini-anche-la-responsabilita-di-computerlinks-austria\\\/#breadcrumb\",\"itemListElement\":[{\"@type\":\"ListItem\",\"position\":1,\"name\":\"Home\",\"item\":\"https:\\\/\\\/www.tecnomagazine.it\\\/tech\\\/\"},{\"@type\":\"ListItem\",\"position\":2,\"name\":\"Assegnata a Federico Marini anche la responsabilit\u00e0 di COMPUTERLINKS Austria\"}]},{\"@type\":\"WebSite\",\"@id\":\"https:\\\/\\\/www.tecnomagazine.it\\\/tech\\\/#website\",\"url\":\"https:\\\/\\\/www.tecnomagazine.it\\\/tech\\\/\",\"name\":\"TecnoMagazine\",\"description\":\"Approfondimenti, Tendenze e Innovazioni nel Vasto Universo dell&#039;Informatica e della Tecnologia\",\"potentialAction\":[{\"@type\":\"SearchAction\",\"target\":{\"@type\":\"EntryPoint\",\"urlTemplate\":\"https:\\\/\\\/www.tecnomagazine.it\\\/tech\\\/?s={search_term_string}\"},\"query-input\":{\"@type\":\"PropertyValueSpecification\",\"valueRequired\":true,\"valueName\":\"search_term_string\"}}],\"inLanguage\":\"it-IT\"},{\"@type\":\"Person\",\"@id\":\"https:\\\/\\\/www.tecnomagazine.it\\\/tech\\\/#\\\/schema\\\/person\\\/cc264ed84688e010b17b72f0a5fd43ef\",\"name\":\"Ambra\",\"image\":{\"@type\":\"ImageObject\",\"inLanguage\":\"it-IT\",\"@id\":\"https:\\\/\\\/secure.gravatar.com\\\/avatar\\\/b67f75302a24e0a13a9126168729f57f232f4a44fc224f190021c6009c9e41f6?s=96&d=blank&r=g\",\"url\":\"https:\\\/\\\/secure.gravatar.com\\\/avatar\\\/b67f75302a24e0a13a9126168729f57f232f4a44fc224f190021c6009c9e41f6?s=96&d=blank&r=g\",\"contentUrl\":\"https:\\\/\\\/secure.gravatar.com\\\/avatar\\\/b67f75302a24e0a13a9126168729f57f232f4a44fc224f190021c6009c9e41f6?s=96&d=blank&r=g\",\"caption\":\"Ambra\"},\"url\":\"https:\\\/\\\/www.tecnomagazine.it\\\/tech\\\/author\\\/ambra\\\/\"}]}<\/script>\n<!-- \/ Yoast SEO plugin. -->","yoast_head_json":{"title":"Assegnata a Federico Marini anche la responsabilit\u00e0 di COMPUTERLINKS Austria - TecnoMagazine","description":"COMPUTERLINKS, distributore a valore aggiunto specializzato in e-Security e e-Business, ha affidato dal 1\u00b0 aprile 2010 a Federico Marini, Amministratore","robots":{"index":"index","follow":"follow","max-snippet":"max-snippet:-1","max-image-preview":"max-image-preview:large","max-video-preview":"max-video-preview:-1"},"canonical":"https:\/\/www.tecnomagazine.it\/tech\/8383\/assegnata-a-federico-marini-anche-la-responsabilita-di-computerlinks-austria\/","og_locale":"it_IT","og_type":"article","og_title":"Assegnata a Federico Marini anche la responsabilit\u00e0 di COMPUTERLINKS Austria - TecnoMagazine","og_description":"COMPUTERLINKS, distributore a valore aggiunto specializzato in e-Security e e-Business, ha affidato dal 1\u00b0 aprile 2010 a Federico Marini, Amministratore","og_url":"https:\/\/www.tecnomagazine.it\/tech\/8383\/assegnata-a-federico-marini-anche-la-responsabilita-di-computerlinks-austria\/","og_site_name":"TecnoMagazine","article_published_time":"2010-04-03T16:41:53+00:00","article_modified_time":"2010-04-27T12:46:08+00:00","og_image":[{"url":"https:\/\/www.tecnomagazine.it\/tech\/wp-content\/uploads\/2008\/05\/web3.jpg","type":"","width":"","height":""}],"author":"Ambra","twitter_card":"summary_large_image","twitter_creator":"@tecnomagazineit","twitter_site":"@tecnomagazineit","twitter_misc":{"Scritto da":"Ambra","Tempo di lettura stimato":"1 minuto"},"schema":{"@context":"https:\/\/schema.org","@graph":[{"@type":"Article","@id":"https:\/\/www.tecnomagazine.it\/tech\/8383\/assegnata-a-federico-marini-anche-la-responsabilita-di-computerlinks-austria\/#article","isPartOf":{"@id":"https:\/\/www.tecnomagazine.it\/tech\/8383\/assegnata-a-federico-marini-anche-la-responsabilita-di-computerlinks-austria\/"},"author":{"name":"Ambra","@id":"https:\/\/www.tecnomagazine.it\/tech\/#\/schema\/person\/cc264ed84688e010b17b72f0a5fd43ef"},"headline":"Assegnata a Federico Marini anche la responsabilit\u00e0 di COMPUTERLINKS Austria","datePublished":"2010-04-03T16:41:53+00:00","dateModified":"2010-04-27T12:46:08+00:00","mainEntityOfPage":{"@id":"https:\/\/www.tecnomagazine.it\/tech\/8383\/assegnata-a-federico-marini-anche-la-responsabilita-di-computerlinks-austria\/"},"wordCount":277,"commentCount":0,"image":{"@id":"https:\/\/www.tecnomagazine.it\/tech\/8383\/assegnata-a-federico-marini-anche-la-responsabilita-di-computerlinks-austria\/#primaryimage"},"thumbnailUrl":"https:\/\/www.tecnomagazine.it\/tech\/wp-content\/uploads\/2008\/05\/web3.jpg","keywords":["COMPUTERLINKS Austria","Federico Marini"],"articleSection":["Curiosit\u00e0"],"inLanguage":"it-IT","potentialAction":[{"@type":"CommentAction","name":"Comment","target":["https:\/\/www.tecnomagazine.it\/tech\/8383\/assegnata-a-federico-marini-anche-la-responsabilita-di-computerlinks-austria\/#respond"]}]},{"@type":"WebPage","@id":"https:\/\/www.tecnomagazine.it\/tech\/8383\/assegnata-a-federico-marini-anche-la-responsabilita-di-computerlinks-austria\/","url":"https:\/\/www.tecnomagazine.it\/tech\/8383\/assegnata-a-federico-marini-anche-la-responsabilita-di-computerlinks-austria\/","name":"Assegnata a Federico Marini anche la responsabilit\u00e0 di COMPUTERLINKS Austria - TecnoMagazine","isPartOf":{"@id":"https:\/\/www.tecnomagazine.it\/tech\/#website"},"primaryImageOfPage":{"@id":"https:\/\/www.tecnomagazine.it\/tech\/8383\/assegnata-a-federico-marini-anche-la-responsabilita-di-computerlinks-austria\/#primaryimage"},"image":{"@id":"https:\/\/www.tecnomagazine.it\/tech\/8383\/assegnata-a-federico-marini-anche-la-responsabilita-di-computerlinks-austria\/#primaryimage"},"thumbnailUrl":"https:\/\/www.tecnomagazine.it\/tech\/wp-content\/uploads\/2008\/05\/web3.jpg","datePublished":"2010-04-03T16:41:53+00:00","dateModified":"2010-04-27T12:46:08+00:00","author":{"@id":"https:\/\/www.tecnomagazine.it\/tech\/#\/schema\/person\/cc264ed84688e010b17b72f0a5fd43ef"},"description":"COMPUTERLINKS, distributore a valore aggiunto specializzato in e-Security e e-Business, ha affidato dal 1\u00b0 aprile 2010 a Federico Marini, Amministratore","breadcrumb":{"@id":"https:\/\/www.tecnomagazine.it\/tech\/8383\/assegnata-a-federico-marini-anche-la-responsabilita-di-computerlinks-austria\/#breadcrumb"},"inLanguage":"it-IT","potentialAction":[{"@type":"ReadAction","target":["https:\/\/www.tecnomagazine.it\/tech\/8383\/assegnata-a-federico-marini-anche-la-responsabilita-di-computerlinks-austria\/"]}]},{"@type":"ImageObject","inLanguage":"it-IT","@id":"https:\/\/www.tecnomagazine.it\/tech\/8383\/assegnata-a-federico-marini-anche-la-responsabilita-di-computerlinks-austria\/#primaryimage","url":"https:\/\/www.tecnomagazine.it\/tech\/wp-content\/uploads\/2008\/05\/web3.jpg","contentUrl":"https:\/\/www.tecnomagazine.it\/tech\/wp-content\/uploads\/2008\/05\/web3.jpg"},{"@type":"BreadcrumbList","@id":"https:\/\/www.tecnomagazine.it\/tech\/8383\/assegnata-a-federico-marini-anche-la-responsabilita-di-computerlinks-austria\/#breadcrumb","itemListElement":[{"@type":"ListItem","position":1,"name":"Home","item":"https:\/\/www.tecnomagazine.it\/tech\/"},{"@type":"ListItem","position":2,"name":"Assegnata a Federico Marini anche la responsabilit\u00e0 di COMPUTERLINKS Austria"}]},{"@type":"WebSite","@id":"https:\/\/www.tecnomagazine.it\/tech\/#website","url":"https:\/\/www.tecnomagazine.it\/tech\/","name":"TecnoMagazine","description":"Approfondimenti, Tendenze e Innovazioni nel Vasto Universo dell&#039;Informatica e della Tecnologia","potentialAction":[{"@type":"SearchAction","target":{"@type":"EntryPoint","urlTemplate":"https:\/\/www.tecnomagazine.it\/tech\/?s={search_term_string}"},"query-input":{"@type":"PropertyValueSpecification","valueRequired":true,"valueName":"search_term_string"}}],"inLanguage":"it-IT"},{"@type":"Person","@id":"https:\/\/www.tecnomagazine.it\/tech\/#\/schema\/person\/cc264ed84688e010b17b72f0a5fd43ef","name":"Ambra","image":{"@type":"ImageObject","inLanguage":"it-IT","@id":"https:\/\/secure.gravatar.com\/avatar\/b67f75302a24e0a13a9126168729f57f232f4a44fc224f190021c6009c9e41f6?s=96&d=blank&r=g","url":"https:\/\/secure.gravatar.com\/avatar\/b67f75302a24e0a13a9126168729f57f232f4a44fc224f190021c6009c9e41f6?s=96&d=blank&r=g","contentUrl":"https:\/\/secure.gravatar.com\/avatar\/b67f75302a24e0a13a9126168729f57f232f4a44fc224f190021c6009c9e41f6?s=96&d=blank&r=g","caption":"Ambra"},"url":"https:\/\/www.tecnomagazine.it\/tech\/author\/ambra\/"}]}},"_links":{"self":[{"href":"https:\/\/www.tecnomagazine.it\/tech\/wp-json\/wp\/v2\/posts\/8383","targetHints":{"allow":["GET"]}}],"collection":[{"href":"https:\/\/www.tecnomagazine.it\/tech\/wp-json\/wp\/v2\/posts"}],"about":[{"href":"https:\/\/www.tecnomagazine.it\/tech\/wp-json\/wp\/v2\/types\/post"}],"author":[{"embeddable":true,"href":"https:\/\/www.tecnomagazine.it\/tech\/wp-json\/wp\/v2\/users\/16"}],"replies":[{"embeddable":true,"href":"https:\/\/www.tecnomagazine.it\/tech\/wp-json\/wp\/v2\/comments?post=8383"}],"version-history":[{"count":0,"href":"https:\/\/www.tecnomagazine.it\/tech\/wp-json\/wp\/v2\/posts\/8383\/revisions"}],"wp:attachment":[{"href":"https:\/\/www.tecnomagazine.it\/tech\/wp-json\/wp\/v2\/media?parent=8383"}],"wp:term":[{"taxonomy":"category","embeddable":true,"href":"https:\/\/www.tecnomagazine.it\/tech\/wp-json\/wp\/v2\/categories?post=8383"},{"taxonomy":"post_tag","embeddable":true,"href":"https:\/\/www.tecnomagazine.it\/tech\/wp-json\/wp\/v2\/tags?post=8383"}],"curies":[{"name":"wp","href":"https:\/\/api.w.org\/{rel}","templated":true}]}}